{"id":9893,"date":"2015-03-29T17:13:59","date_gmt":"2015-03-29T17:13:59","guid":{"rendered":"http:\/\/fram.is\/?p=9893"},"modified":"2015-03-29T17:13:59","modified_gmt":"2015-03-29T17:13:59","slug":"knattspyrnufelagid-fram-oskar-eftir-ad-rada-bokarastarfskraft-a-skrifstofu-fram","status":"publish","type":"post","link":"https:\/\/fram.is\/is\/2015\/03\/29\/knattspyrnufelagid-fram-oskar-eftir-ad-rada-bokarastarfskraft-a-skrifstofu-fram\/","title":{"rendered":"Knattspyrnuf\u00e9lagi\u00f0 Fram \u00f3skar eftir a\u00f0 r\u00e1\u00f0a b\u00f3kara\/starfskraft  \u00e1 skrifstofu FRAM"},"content":{"rendered":"<p><strong><a href=\"http:\/\/fram.is\/wp-content\/uploads\/2015\/03\/FRAMmerki-n\u00fdtt-\u00cdBR-2009.jpg\"><img fetchpriority=\"high\" decoding=\"async\" class=\"alignright size-medium wp-image-9836\" src=\"http:\/\/fram.is\/wp-content\/uploads\/2015\/03\/FRAMmerki-n\u00fdtt-\u00cdBR-2009-255x300.jpg\" alt=\"FRAMmerki n\u00fdtt \u00cdBR 2009\" width=\"255\" height=\"300\" \/><\/a>Knattspyrnuf\u00e9lagi\u00f0 Fram \u00f3skar eftir a\u00f0 r\u00e1\u00f0a b\u00f3kara\/starfskraft \u00a0\u00e1 skrifstofu f\u00e9lagsins a\u00f0 Safam\u00fdri 26.<br \/>\n<\/strong>Um 50% starfshlutfall er a\u00f0 r\u00e6\u00f0a<\/p>\n<p><strong>Starfsl\u00fdsing:<\/strong><br \/>\nF\u00e6rsla b\u00f3khalds<br \/>\nLaunavinnsla<br \/>\nAfstemmingar og fr\u00e1gangur \u00e1 b\u00f3khaldi til uppgj\u00f6rs<br \/>\nA\u00f0sto\u00f0 vi\u00f0 innri \u00fattektir og eftirlit<br \/>\nInnkaup \u00e1 rekstrarv\u00f6rum<br \/>\nInnheimta og a\u00f0sto\u00f0 vi\u00f0 \u00e6fingagj\u00f6ld<br \/>\nAlmenn skrifstofust\u00f6rf<\/p>\n<p><strong>H\u00e6fniskr\u00f6fur :<\/strong><br \/>\nV\u00ed\u00f0t\u00e6k reynsla af b\u00f3khaldi og launavinnslu<br \/>\nG\u00f3\u00f0 almenn t\u00f6lvukunn\u00e1tta<br \/>\nReynsla af samb\u00e6rilegum st\u00f6rfum<br \/>\nN\u00e1kv\u00e6m og v\u00f6ndu\u00f0 vinnubr\u00f6g\u00f0<br \/>\nG\u00f3\u00f0 h\u00e6fni \u00ed mannlegum samskiptum<\/p>\n<p>\u00c1hugasamir vinsamlega sendi\u00f0 ums\u00f3kn \u00e1samt starfsferilsskr\u00e1 til framkv\u00e6mdastj\u00f3ra Fram<br \/>\n<a href=\"mailto:ludvik@fram.is\">ludvik@fram.is<\/a>\u00a0 fyrir m\u00e1nudaginn 13.april, sem jafnframt veitir n\u00e1nari uppl\u00fdsingar um starfi\u00f0.<\/p>\n<p><strong>Knattspyrnuf\u00e9lagi\u00f0 FRAM<\/strong><\/p>","protected":false},"excerpt":{"rendered":"<p>Knattspyrnuf\u00e9lagi\u00f0 Fram \u00f3skar eftir a\u00f0 r\u00e1\u00f0a b\u00f3kara\/starfskraft \u00a0\u00e1 skrifstofu f\u00e9lagsins a\u00f0 Safam\u00fdri 26. Um 50% starfshlutfall er a\u00f0 r\u00e6\u00f0a Starfsl\u00fdsing: F\u00e6rsla b\u00f3khalds Launavinnsla Afstemmingar og fr\u00e1gangur \u00e1 b\u00f3khaldi til uppgj\u00f6rs [&hellip;]<\/p>","protected":false},"author":4,"featured_media":9065,"comment_status":"open","ping_status":"open","sticky":false,"template":"","format":"standard","meta":{"_monsterinsights_skip_tracking":false,"_monsterinsights_sitenote_active":false,"_monsterinsights_sitenote_note":"","_monsterinsights_sitenote_category":0,"_jetpack_memberships_contains_paid_content":false,"footnotes":""},"categories":[8],"tags":[],"class_list":["post-9893","post","type-post","status-publish","format-standard","has-post-thumbnail","hentry","category-adalstjorn"],"jetpack_sharing_enabled":true,"jetpack_featured_media_url":"https:\/\/fram.is\/wp-content\/uploads\/2014\/12\/IMG_2156-vefur-scaled.jpg","_links":{"self":[{"href":"https:\/\/fram.is\/is\/wp-json\/wp\/v2\/posts\/9893","targetHints":{"allow":["GET"]}}],"collection":[{"href":"https:\/\/fram.is\/is\/wp-json\/wp\/v2\/posts"}],"about":[{"href":"https:\/\/fram.is\/is\/wp-json\/wp\/v2\/types\/post"}],"author":[{"embeddable":true,"href":"https:\/\/fram.is\/is\/wp-json\/wp\/v2\/users\/4"}],"replies":[{"embeddable":true,"href":"https:\/\/fram.is\/is\/wp-json\/wp\/v2\/comments?post=9893"}],"version-history":[{"count":0,"href":"https:\/\/fram.is\/is\/wp-json\/wp\/v2\/posts\/9893\/revisions"}],"wp:featuredmedia":[{"embeddable":true,"href":"https:\/\/fram.is\/is\/wp-json\/wp\/v2\/media\/9065"}],"wp:attachment":[{"href":"https:\/\/fram.is\/is\/wp-json\/wp\/v2\/media?parent=9893"}],"wp:term":[{"taxonomy":"category","embeddable":true,"href":"https:\/\/fram.is\/is\/wp-json\/wp\/v2\/categories?post=9893"},{"taxonomy":"post_tag","embeddable":true,"href":"https:\/\/fram.is\/is\/wp-json\/wp\/v2\/tags?post=9893"}],"curies":[{"name":"wp","href":"https:\/\/api.w.org\/{rel}","templated":true}]}}