{"id":9958,"date":"2015-04-02T17:39:11","date_gmt":"2015-04-02T17:39:11","guid":{"rendered":"http:\/\/fram.is\/?p=9958"},"modified":"2015-04-02T17:39:11","modified_gmt":"2015-04-02T17:39:11","slug":"tap-i-sidasta-leik-olisdeildar-karla","status":"publish","type":"post","link":"https:\/\/fram.is\/is\/2015\/04\/02\/tap-i-sidasta-leik-olisdeildar-karla\/","title":{"rendered":"Tap \u00ed s\u00ed\u00f0asta leik Ol\u00edsdeildar karla"},"content":{"rendered":"<p><a href=\"http:\/\/fram.is\/wp-content\/uploads\/2014\/11\/valtyr.jpg\"><img fetchpriority=\"high\" decoding=\"async\" class=\"alignright size-medium wp-image-8806\" src=\"http:\/\/fram.is\/wp-content\/uploads\/2014\/11\/valtyr-300x300.jpg\" alt=\"valtyr\" width=\"300\" height=\"300\" \/><\/a>Str\u00e1karnir okkar \u00ed mfl.ka l\u00e9ku \u00ed dag s\u00ed\u00f0asta leiks sinn \u00ed deildarkeppni \u00cdslandsm\u00f3tsins, Ol\u00edsdeildinni.\u00a0 Leiki\u00f0 var \u00e1 heimavelli \u00ed Safam\u00fdri gegn Stj\u00f6rnunni. Leikurinn haf\u00f0i enga \u00fe\u00fd\u00f0ingu fyrir hvorugt li\u00f0i\u00f0 og m\u00e1 segja a\u00f0 \u00fea\u00f0 hafi endurspegla\u00f0 leikinn.\u00a0\u00a0 Vi\u00f0 leyf\u00f0um m\u00f6nnum a\u00f0 hv\u00edla og margir leikmenn sem l\u00edti\u00f0 hafa leiki\u00f0 a\u00f0 undanf\u00f6rnu fengu a\u00f0 spreyta sig \u00ed dag.<br \/>\nVi\u00f0 l\u00e9kum ekki vel \u00ed \u00feessum leik en \u00fe\u00f3 voru j\u00e1kv\u00e6\u00f0ir punktar en \u00fea\u00f0 var eins og menn v\u00e6ru ekki alveg me\u00f0 hugan vi\u00f0 \u00feetta verkefni. \u00dea\u00f0 ver\u00f0ur a\u00f0 teljast e\u00f0lilegt mi\u00f0a\u00f0 vi\u00f0 gildi leiksins.\u00a0 Vi\u00f0 n\u00e1\u00f0um aldrei dampi \u00ed leiknum og vorum undir svo a\u00f0 segja allan leikinn, sta\u00f0an \u00ed h\u00e1lfleik var 12-15.<br \/>\nS\u00ed\u00f0ari h\u00e1lfleikurinn var svipa\u00f0ur en Valt\u00fdr kom \u00ed marki\u00f0 og st\u00f3\u00f0 sig vel, \u00fea\u00f0 m\u00e1 segja a\u00f0 hann hafi sta\u00f0i\u00f0 upp\u00far \u00ed dag.\u00a0 Lokat\u00f6lur \u00ed dag 21-23.\u00a0 \u00dea\u00f0 mikilv\u00e6gasta vi\u00f0 \u00feennan leik var a\u00f0 kl\u00e1ra hann og \u00fea\u00f0 \u00e1n vandr\u00e6\u00f0a, \u00fea\u00f0 er aldrei gott a\u00f0 tapa en \u00fear sem vi\u00f0 vorum b\u00fanir a\u00f0 tryggja okkur 8 s\u00e6ti\u00f0 \u00fe\u00e1 skipti \u00feessi leikur n\u00e1kv\u00e6mlega engu.\u00a0 N\u00fa tekur vi\u00f0 n\u00fdtt m\u00f3t og fyrsti leikur \u00ed \u00fev\u00ed m\u00f3ti ver\u00f0ur \u00e1 \u00feri\u00f0judag kl. 19:30 gegn Val \u00e1 Hl\u00ed\u00f0arenda.\u00a0 \u00dear ver\u00f0a allir FRAMarar a\u00f0 m\u00e6ta og \u00fe\u00e1 er aldrei a\u00f0 vita hva\u00f0 drengirnir okkar gera.\u00a0 Gle\u00f0ilega p\u00e1ska og sj\u00e1umst \u00e1 \u00feri\u00f0judag.<\/p>\n<p>\u00c1FRAM FRAM<\/p>","protected":false},"excerpt":{"rendered":"<p>Str\u00e1karnir okkar \u00ed mfl.ka l\u00e9ku \u00ed dag s\u00ed\u00f0asta leiks sinn \u00ed deildarkeppni \u00cdslandsm\u00f3tsins, Ol\u00edsdeildinni.\u00a0 Leiki\u00f0 var \u00e1 heimavelli \u00ed Safam\u00fdri gegn Stj\u00f6rnunni. Leikurinn haf\u00f0i enga \u00fe\u00fd\u00f0ingu fyrir hvorugt li\u00f0i\u00f0 og [&hellip;]<\/p>","protected":false},"author":4,"featured_media":8489,"comment_status":"open","ping_status":"open","sticky":false,"template":"","format":"standard","meta":{"_monsterinsights_skip_tracking":false,"_monsterinsights_sitenote_active":false,"_monsterinsights_sitenote_note":"","_monsterinsights_sitenote_category":0,"_jetpack_memberships_contains_paid_content":false,"footnotes":""},"categories":[6,19],"tags":[],"class_list":["post-9958","post","type-post","status-publish","format-standard","has-post-thumbnail","hentry","category-handbolti","category-mfl-karla"],"jetpack_sharing_enabled":true,"jetpack_featured_media_url":"https:\/\/fram.is\/wp-content\/uploads\/2014\/10\/Ragnar-\u00fe\u00f3r-vefur.jpg","_links":{"self":[{"href":"https:\/\/fram.is\/is\/wp-json\/wp\/v2\/posts\/9958","targetHints":{"allow":["GET"]}}],"collection":[{"href":"https:\/\/fram.is\/is\/wp-json\/wp\/v2\/posts"}],"about":[{"href":"https:\/\/fram.is\/is\/wp-json\/wp\/v2\/types\/post"}],"author":[{"embeddable":true,"href":"https:\/\/fram.is\/is\/wp-json\/wp\/v2\/users\/4"}],"replies":[{"embeddable":true,"href":"https:\/\/fram.is\/is\/wp-json\/wp\/v2\/comments?post=9958"}],"version-history":[{"count":0,"href":"https:\/\/fram.is\/is\/wp-json\/wp\/v2\/posts\/9958\/revisions"}],"wp:featuredmedia":[{"embeddable":true,"href":"https:\/\/fram.is\/is\/wp-json\/wp\/v2\/media\/8489"}],"wp:attachment":[{"href":"https:\/\/fram.is\/is\/wp-json\/wp\/v2\/media?parent=9958"}],"wp:term":[{"taxonomy":"category","embeddable":true,"href":"https:\/\/fram.is\/is\/wp-json\/wp\/v2\/categories?post=9958"},{"taxonomy":"post_tag","embeddable":true,"href":"https:\/\/fram.is\/is\/wp-json\/wp\/v2\/tags?post=9958"}],"curies":[{"name":"wp","href":"https:\/\/api.w.org\/{rel}","templated":true}]}}