{"id":9985,"date":"2015-04-07T22:19:23","date_gmt":"2015-04-07T22:19:23","guid":{"rendered":"http:\/\/fram.is\/?p=9985"},"modified":"2015-04-07T22:19:23","modified_gmt":"2015-04-07T22:19:23","slug":"tap-ad-hlidarenda-i-fyrsta-leik-urslitakeppninnar","status":"publish","type":"post","link":"https:\/\/fram.is\/is\/2015\/04\/07\/tap-ad-hlidarenda-i-fyrsta-leik-urslitakeppninnar\/","title":{"rendered":"Tap a\u00f0 Hl\u00ed\u00f0arenda \u00ed fyrsta leik \u00farslitakeppninnar"},"content":{"rendered":"<p><a href=\"http:\/\/fram.is\/wp-content\/uploads\/2015\/04\/krist\u00f3.jpg\"><img fetchpriority=\"high\" decoding=\"async\" class=\"alignright size-medium wp-image-9986\" src=\"http:\/\/fram.is\/wp-content\/uploads\/2015\/04\/krist\u00f3-300x300.jpg\" alt=\"krist\u00f3\" width=\"300\" height=\"300\" \/><\/a>J\u00e6ja \u00e9g var\u00f0 a\u00f0 l\u00e1ta mig hafa \u00fea\u00f0 a\u00f0 dr\u00f6slast a\u00f0 Hl\u00ed\u00f0arenda enda vi\u00f0 FRAMarar \u00ed heims\u00f3kn \u00fear \u00ed kv\u00f6ld. \u00a0\u00dea\u00f0 var vel m\u00e6tt af okkar f\u00f3lki og g\u00f3\u00f0ur andi \u00ed FRAMh\u00f3pnum. Hrikalega stoltur af \u00fev\u00ed hva\u00f0 vi\u00f0 FRAMarar m\u00e6tum vel leiki \u00ed handboltanum, ekki m\u00f6rg li\u00f0 sem eiga svona trygga stu\u00f0nigsmenn.<br \/>\nLeikurinn \u00ed kv\u00f6ld byrja\u00f0i \u00e1g\u00e6tlega vi\u00f0 n\u00e1\u00f0um upp g\u00f3\u00f0ri bar\u00e1ttu \u00ed v\u00f6rn og byrju\u00f0um alveg \u00feokkalega \u00ed s\u00f3kninni, spilu\u00f0um lengi og n\u00e1\u00f0um a\u00f0 setja g\u00f3\u00f0 m\u00f6rk. \u00a0Sta\u00f0an eftir 10. m\u00edn \u00a03-3. \u00dea\u00f0 var ekki miki\u00f0 skora\u00f0, samt fengum vi\u00f0 m\u00f6rg t\u00e6kif\u00e6ri til \u00feess, voru ragir og \u00fea\u00f0 vanta\u00f0i tr\u00fa \u00ed okkar a\u00f0ger\u00f0ir a\u00f0 m\u00e9r fannst. Krist\u00f3fer var fr\u00e1b\u00e6r \u00ed fyrri h\u00e1lfleik sem vi\u00f0 hef\u00f0um \u00e1tt a\u00f0 n\u00fdta betur. \u00a0Sta\u00f0an eftir 20 m\u00edn var 5-5 og leikurinn enn a\u00f0 spilast eftir okkar h\u00f6f\u00f0i. \u00a0Loka m\u00edn h\u00e1lfleiksins voru a\u00f0eins hressari og a\u00f0eins meira skora\u00f0, sta\u00f0an \u00ed h\u00e1lfleik 10-9. \u00a0Vi\u00f0 \u00e1ttu a\u00f0 n\u00fdta okkur markv\u00f6rslu Krist\u00f3 betur \u00ed \u00feessum h\u00e1lfleik en vorum ekki n\u00f3gu beyttir s\u00f3knarlega til \u00feess. \u00a0V\u00f6rnin var g\u00f3\u00f0 og h\u00e9lt a\u00f0 mestu.<br \/>\nS\u00ed\u00f0ari h\u00e1lfleikur byrja\u00f0i svo ekki n\u00f3gu vel, \u00a0kannski \u00ed lagi fyrstu 5-7 m\u00edn en svo kl\u00fa\u00f0ru\u00f0um vi\u00f0 m\u00f6rgum g\u00f3\u00f0um f\u00e6rum og \u00a0misstum andst\u00e6\u00f0inginn fram \u00far okkur. Sta\u00f0an eftir 40 m\u00edn 14-11. Eftir \u00feennan vonda kafla \u00fear sem munurinn f\u00f3r mest \u00ed 5 m\u00f6rk \u00e1ttum vi\u00f0 eiginlega ekki m\u00f6guleika. \u00a0Sta\u00f0an eftir 50 m\u00edn 18-14 og lokat\u00f6lur \u00ed kv\u00f6ld 22-16. S\u00f3knarleikurinn \u00a0var\u00f0 okkur a\u00f0 falli \u00ed kv\u00f6ld, \u00fea\u00f0 vanta\u00f0i meiri krafti, voru ragir, ekki n\u00f3gu kl\u00f3kir a\u00f0 leysa \u00fe\u00e6r st\u00f6\u00f0ur sem upp komu, n\u00fdttu mj\u00f6g illa a\u00f0 vera einum fleiri, \u00fea\u00f0 \u00fearf a\u00f0 lagast drengir. \u00a0V\u00f6rnin var g\u00f3\u00f0 og ekkert yfir markv\u00f6rsluni a\u00f0 kvarta. \u00a0D\u00f3mg\u00e6slan var ekki n\u00f3gu g\u00f3\u00f0, \u00feeir sem d\u00e6mdu \u00ed kv\u00f6ld, d\u00e6mdu eins vel og \u00feeir g\u00e1tu en r\u00e9\u00f0u ekki vi\u00f0 verkefni\u00f0. \u00a0Nokkur brot s\u00e1ust \u00ed kv\u00f6ld sem ekki eiga a\u00f0 sj\u00e1st \u00a0\u00feegar veri\u00f0 er a\u00f0 leggja \u00e1herslu \u00e1 a\u00f0 \u00fatr\u00fdma gr\u00f3fum brotum \u00ed handboltanum. Lei\u00f0inlegt a\u00f0 sj\u00e1.<br \/>\nN\u00e6sti leikur er \u00e1 fimmtudag kl.19:30 \u00ed FRAMh\u00fasi endilega l\u00e1ti\u00f0 sj\u00e1 ykkur og ekki v\u00e6ri verra ef \u00fei\u00f0 t\u00e6kju\u00f0 me\u00f0 bl\u00e1u f\u00f6tin. \u00dea\u00f0 ver\u00f0ur bullandi fj\u00f6r \u00ed Safam\u00fdrinni \u00e1 fimmtudag og allt lagt undir.<\/p>\n<p>\u00c1FRAM FRAM<\/p>","protected":false},"excerpt":{"rendered":"<p>J\u00e6ja \u00e9g var\u00f0 a\u00f0 l\u00e1ta mig hafa \u00fea\u00f0 a\u00f0 dr\u00f6slast a\u00f0 Hl\u00ed\u00f0arenda enda vi\u00f0 FRAMarar \u00ed heims\u00f3kn \u00fear \u00ed kv\u00f6ld. \u00a0\u00dea\u00f0 var vel m\u00e6tt af okkar f\u00f3lki og g\u00f3\u00f0ur andi [&hellip;]<\/p>","protected":false},"author":4,"featured_media":8824,"comment_status":"open","ping_status":"open","sticky":false,"template":"","format":"standard","meta":{"_monsterinsights_skip_tracking":false,"_monsterinsights_sitenote_active":false,"_monsterinsights_sitenote_note":"","_monsterinsights_sitenote_category":0,"_jetpack_memberships_contains_paid_content":false,"footnotes":""},"categories":[6,19],"tags":[],"class_list":["post-9985","post","type-post","status-publish","format-standard","has-post-thumbnail","hentry","category-handbolti","category-mfl-karla"],"jetpack_sharing_enabled":true,"jetpack_featured_media_url":"https:\/\/fram.is\/wp-content\/uploads\/2014\/11\/krist\u00f3fer-vefur.jpg","_links":{"self":[{"href":"https:\/\/fram.is\/is\/wp-json\/wp\/v2\/posts\/9985","targetHints":{"allow":["GET"]}}],"collection":[{"href":"https:\/\/fram.is\/is\/wp-json\/wp\/v2\/posts"}],"about":[{"href":"https:\/\/fram.is\/is\/wp-json\/wp\/v2\/types\/post"}],"author":[{"embeddable":true,"href":"https:\/\/fram.is\/is\/wp-json\/wp\/v2\/users\/4"}],"replies":[{"embeddable":true,"href":"https:\/\/fram.is\/is\/wp-json\/wp\/v2\/comments?post=9985"}],"version-history":[{"count":0,"href":"https:\/\/fram.is\/is\/wp-json\/wp\/v2\/posts\/9985\/revisions"}],"wp:featuredmedia":[{"embeddable":true,"href":"https:\/\/fram.is\/is\/wp-json\/wp\/v2\/media\/8824"}],"wp:attachment":[{"href":"https:\/\/fram.is\/is\/wp-json\/wp\/v2\/media?parent=9985"}],"wp:term":[{"taxonomy":"category","embeddable":true,"href":"https:\/\/fram.is\/is\/wp-json\/wp\/v2\/categories?post=9985"},{"taxonomy":"post_tag","embeddable":true,"href":"https:\/\/fram.is\/is\/wp-json\/wp\/v2\/tags?post=9985"}],"curies":[{"name":"wp","href":"https:\/\/api.w.org\/{rel}","templated":true}]}}